{"id":58477,"date":"2020-07-13T08:54:04","date_gmt":"2020-07-13T08:54:04","guid":{"rendered":"https:\/\/www.emoji.com\/?p=58477"},"modified":"2020-07-13T08:54:04","modified_gmt":"2020-07-13T08:54:04","slug":"emoji-to-take-over-license-global-for-world-emoji-day","status":"publish","type":"post","link":"https:\/\/www.emoji.com\/fr\/emoji-to-take-over-license-global-for-world-emoji-day\/","title":{"rendered":"emoji\u00ae to Take Over License Global for World Emoji Day"},"content":{"rendered":"<p>The CEO of emoji\u00ae shares why this year\u2019s World Emoji Day is more critical than ever.<\/p>\n<p>July 17 is World Emoji Day. What better company is there to celebrate the social media holiday than The emoji company? What better way to do it than to take over\u00a0<em>License Global\u2019<\/em>s social media channels for the day?<\/p>\n<p>Before emoji takes over, Marco H\u00fcsges, chief executive officer and managing director, The emoji company, spoke with <em>License Global<\/em> about what to expect from this year\u2019s World Emoji Day.<\/p>\n<div class=\"dfp-ad-hideempty native_inline hidden n_hidden\" data-dfp-position=\"native_inline\">\n<div id=\"5kj8vp2x44l000005kj8vp2x44l000005kj8vp2x\" class=\"dfp-tags\" data-size=\"fluid\" data-adunit=\"\/2441\/license-global.home\/article\/industry_news\" data-name=\"article_native_inline\" data-targeting=\"pos=nativekey_13_1|article_number=1|ptype=Article|nid=66183|pterm=industry_news|author=license_global|nl=LG-002|reg=anonymous\" data-adsensecolor=\"background=|border=|link=|text=|url=\" data-google-query-id=\"CKqN6O3syeoCFVXXuwgdaAUHgA\">\n<div id=\"google_ads_iframe_\/2441\/license-global.home\/article\/industry_news_11__container__\"><strong><em>License Global:<\/em><\/strong><strong> Why is celebrating World Emoji Day so important to The emoji company?\u00a0<\/strong><\/div>\n<\/div>\n<\/div>\n<p><strong>H\u00fcsges:<\/strong> With our activities around World Emoji Day, we celebrate the use of emoji brand icons worldwide and create more brand visibility and build brand equity. Our brand needs to stay closely connected with our partners and consumers and interact with them, especially on that day, showing the variety that lies in emoji and sharing happiness.<\/p>\n<p><strong>What makes this year\u2019s World Emoji Day particularly unique?<\/strong><\/p>\n<p>Our brand stands for the purest form of expression and communication and unites people of any gender and age. This is a tough year; we are facing a global pandemic, but there will be better times, and we will get through this all together. Social cohesion is more important than ever, and via emoji, we can deliver confidence and companionship.<\/p>\n<p><strong>What can\u00a0<\/strong><em><strong>License Global<\/strong><\/em><strong>\u00a0followers expect from the social media takeover?\u00a0\u00a0<\/strong><\/p>\n<p>Good vibrations; colorful designs combined with some product integration. Our activities during World Emoji Day are a potpourri of emotions to demonstrate the depth of the emoji brand and to underscore its lively universal character. We aim to spread joy and happiness on that day and punctuate the unique potential and wide scope of application of the emoji brand.<\/p>\n<p><strong><em>If you could create a new emoji, what would it be, and why?\u00a0<\/em><\/strong><\/p>\n<p>I want to create a hand-heart emoji\u00ae brand icon that stands for love and help worldwide. It is a gesture we all know and use. It expresses the deepest sympathy for one another and is a treasured but missing icon.<\/p>\n<p>Find out what emoji want to create a hand-heart emoji brand icon has in store this year for World Emoji Day, when the company takes over\u00a0<em>License Global\u2019<\/em>s social media platforms on Friday, July 17, at 3 a.m. ET. Follow us on\u00a0<a href=\"https:\/\/www.facebook.com\/licensemag\/\" target=\"_blank\" rel=\"noopener\">Facebook<\/a>,\u00a0<a href=\"https:\/\/twitter.com\/licensemag\" target=\"_blank\" rel=\"noopener\">Twitter<\/a>,\u00a0<a href=\"https:\/\/www.instagram.com\/licenseglobal\/\" target=\"_blank\" rel=\"noopener\">Instagram<\/a>\u00a0and\u00a0<a href=\"https:\/\/www.linkedin.com\/showcase\/informa-license-global\/\" target=\"_blank\" rel=\"noopener\">LinkedIn<\/a><u> for more<\/u>.<\/p>\n<p><strong><a href=\"https:\/\/www.licenseglobal.com\/industry-news\/emoji-take-over-license-global-world-emoji-day?NL=LG-002&amp;Issue=LG-002_20200713_LG-002_363&amp;sfvc4enews=42&amp;cl=article_1&amp;utm_campaign=SLICENGLDLYNWSLTR_News_License%20Global%20Today_News_NL_07132020_557&amp;utm_emailname=SLICENGLDLYNWSLTR_News_License%20Global%20Today_News_NL_07132020_557&amp;utm_medium=email&amp;utm_source=Eloqua&amp;utm_MDMContactID=3eb3b486-ba1a-4eaa-8f1f-d35dc10b8567&amp;utm_campaigntype=Newsletter&amp;utm_sub=Emoji%20to%20Take%20Over%20License%20Global%20for%20World%20Emoji%20Day%20%7C%20Licensing%20in%20a%20Pandemic%20%7C%20More&amp;eM=05959f118cf13c834a5e02147f16c0c137812516c6b81961400cb54cd6780e51&amp;eventSeriesCode=ES_LICENGLOBAL&amp;eventEditionCode=NAM00LCG&amp;SessionCode=Licensing%20Global%20Daily%20Newsletter\">Source<\/a><\/strong><\/p>\n","protected":false},"excerpt":{"rendered":"<p>The CEO of emoji\u00ae shares why this year\u2019s World Emoji Day is more critical than ever. July 17 is World Emoji Day. What better company is there to celebrate the social media holiday than The emoji company? What better way to do it than to take over\u00a0License Global\u2019s social media channels for the day? Before emoji takes over, Marco H\u00fcsges, chief executive officer and managing director, The emoji company, spoke with License Global about what to expect from this year\u2019s World Emoji Day. License Global: Why is celebrating World Emoji Day so important to The emoji company?\u00a0 H\u00fcsges: With our activities around World Emoji Day, we celebrate the use of emoji brand icons worldwide and create more brand visibility and build brand equity. Our brand needs to stay closely connected with our partners and consumers and interact with them, especially on that day, showing the variety that lies in emoji and sharing happiness. What makes this year\u2019s World Emoji Day particularly unique? Our brand stands for the purest form of expression and communication and unites people of any gender and age. This is a tough year; we are facing a global pandemic, but there will be better times, and we will get through this all together. Social cohesion is more important than ever, and via emoji, we can deliver confidence and companionship. What can\u00a0License Global\u00a0followers expect from the social media takeover?\u00a0\u00a0 Good vibrations; colorful designs combined with some product integration. Our activities during World Emoji Day are a potpourri of emotions to demonstrate the depth of the emoji brand and to underscore its lively universal character. We aim to spread joy and happiness on that day and punctuate the unique potential and wide scope of application of the emoji brand. If you could create a new emoji, what would it be, and why?\u00a0 I want to create a hand-heart emoji\u00ae brand icon that stands for love and help worldwide. It is a gesture we all know and use. It expresses the deepest sympathy for one another and is a treasured but missing icon. Find out what emoji want to create a hand-heart emoji brand icon has in store this year for World Emoji Day, when the company takes over\u00a0License Global\u2019s social media platforms on Friday, July 17, at 3 a.m. ET. Follow us on\u00a0Facebook,\u00a0Twitter,\u00a0Instagram\u00a0and\u00a0LinkedIn for more. Source<\/p>\n","protected":false},"author":1,"featured_media":58478,"comment_status":"open","ping_status":"open","sticky":false,"template":"","format":"standard","meta":{"footnotes":""},"categories":[21],"tags":[53],"class_list":["post-58477","post","type-post","status-publish","format-standard","has-post-thumbnail","hentry","category-uncategorized-tr","tag-b2b-tr","entry","post-inner"],"yoast_head":"<!-- This site is optimized with the Yoast SEO Premium plugin v20.7 (Yoast SEO v27.5) - https:\/\/yoast.com\/product\/yoast-seo-premium-wordpress\/ -->\n<title>emoji\u00ae to Take Over License Global for World Emoji Day - emoji\u00ae \u2013 The Iconic Brand<\/title>\n<meta name=\"robots\" content=\"index, follow, max-snippet:-1, max-image-preview:large, max-video-preview:-1\" \/>\n<link rel=\"canonical\" href=\"https:\/\/www.emoji.com\/fr\/emoji-to-take-over-license-global-for-world-emoji-day\/\" \/>\n<meta property=\"og:locale\" content=\"fr_FR\" \/>\n<meta property=\"og:type\" content=\"article\" \/>\n<meta property=\"og:title\" content=\"emoji\u00ae to Take Over License Global for World Emoji Day\" \/>\n<meta property=\"og:description\" content=\"The CEO of emoji\u00ae shares why this year\u2019s World Emoji Day is more critical than ever. July 17 is World Emoji Day. What better company is there to celebrate the social media holiday than The emoji company? What better way to do it than to take over\u00a0License Global\u2019s social media channels for the day? Before emoji takes over, Marco H\u00fcsges, chief executive officer and managing director, The emoji company, spoke with License Global about what to expect from this year\u2019s World Emoji Day. License Global: Why is celebrating World Emoji Day so important to The emoji company?\u00a0 H\u00fcsges: With our activities around World Emoji Day, we celebrate the use of emoji brand icons worldwide and create more brand visibility and build brand equity. Our brand needs to stay closely connected with our partners and consumers and interact with them, especially on that day, showing the variety that lies in emoji and sharing happiness. What makes this year\u2019s World Emoji Day particularly unique? Our brand stands for the purest form of expression and communication and unites people of any gender and age. This is a tough year; we are facing a global pandemic, but there will be better times, and we will get through this all together. Social cohesion is more important than ever, and via emoji, we can deliver confidence and companionship. What can\u00a0License Global\u00a0followers expect from the social media takeover?\u00a0\u00a0 Good vibrations; colorful designs combined with some product integration. Our activities during World Emoji Day are a potpourri of emotions to demonstrate the depth of the emoji brand and to underscore its lively universal character. We aim to spread joy and happiness on that day and punctuate the unique potential and wide scope of application of the emoji brand. If you could create a new emoji, what would it be, and why?\u00a0 I want to create a hand-heart emoji\u00ae brand icon that stands for love and help worldwide. It is a gesture we all know and use. It expresses the deepest sympathy for one another and is a treasured but missing icon. Find out what emoji want to create a hand-heart emoji brand icon has in store this year for World Emoji Day, when the company takes over\u00a0License Global\u2019s social media platforms on Friday, July 17, at 3 a.m. ET. Follow us on\u00a0Facebook,\u00a0Twitter,\u00a0Instagram\u00a0and\u00a0LinkedIn for more. Source\" \/>\n<meta property=\"og:url\" content=\"https:\/\/www.emoji.com\/fr\/emoji-to-take-over-license-global-for-world-emoji-day\/\" \/>\n<meta property=\"og:site_name\" content=\"emoji\u00ae \u2013 The Iconic Brand\" \/>\n<meta property=\"article:published_time\" content=\"2020-07-13T08:54:04+00:00\" \/>\n<meta property=\"og:image\" content=\"https:\/\/www.emoji.com\/wp-content\/uploads\/2020\/07\/worldemojiday.png\" \/>\n\t<meta property=\"og:image:width\" content=\"1540\" \/>\n\t<meta property=\"og:image:height\" content=\"800\" \/>\n\t<meta property=\"og:image:type\" content=\"image\/png\" \/>\n<meta name=\"author\" content=\"Marcus\" \/>\n<meta name=\"twitter:card\" content=\"summary_large_image\" \/>\n<meta name=\"twitter:label1\" content=\"\u00c9crit par\" \/>\n\t<meta name=\"twitter:data1\" content=\"Marcus\" \/>\n\t<meta name=\"twitter:label2\" content=\"Dur\u00e9e de lecture estim\u00e9e\" \/>\n\t<meta name=\"twitter:data2\" content=\"2 minutes\" \/>\n<script type=\"application\/ld+json\" class=\"yoast-schema-graph\">{\"@context\":\"https:\\\/\\\/schema.org\",\"@graph\":[{\"@type\":\"Article\",\"@id\":\"https:\\\/\\\/www.emoji.com\\\/fr\\\/emoji-to-take-over-license-global-for-world-emoji-day\\\/#article\",\"isPartOf\":{\"@id\":\"https:\\\/\\\/www.emoji.com\\\/fr\\\/emoji-to-take-over-license-global-for-world-emoji-day\\\/\"},\"author\":{\"name\":\"Marcus\",\"@id\":\"https:\\\/\\\/www.emoji.com\\\/fr\\\/#\\\/schema\\\/person\\\/b2afebc065fb495cf358e934e16a3c23\"},\"headline\":\"emoji\u00ae to Take Over License Global for World Emoji Day\",\"datePublished\":\"2020-07-13T08:54:04+00:00\",\"mainEntityOfPage\":{\"@id\":\"https:\\\/\\\/www.emoji.com\\\/fr\\\/emoji-to-take-over-license-global-for-world-emoji-day\\\/\"},\"wordCount\":411,\"commentCount\":0,\"publisher\":{\"@id\":\"https:\\\/\\\/www.emoji.com\\\/fr\\\/#organization\"},\"image\":{\"@id\":\"https:\\\/\\\/www.emoji.com\\\/fr\\\/emoji-to-take-over-license-global-for-world-emoji-day\\\/#primaryimage\"},\"thumbnailUrl\":\"https:\\\/\\\/www.emoji.com\\\/wp-content\\\/uploads\\\/2020\\\/07\\\/worldemojiday.png\",\"keywords\":[\"B2B\"],\"articleSection\":[\"Uncategorized @tr\"],\"inLanguage\":\"fr-FR\",\"potentialAction\":[{\"@type\":\"CommentAction\",\"name\":\"Comment\",\"target\":[\"https:\\\/\\\/www.emoji.com\\\/fr\\\/emoji-to-take-over-license-global-for-world-emoji-day\\\/#respond\"]}]},{\"@type\":\"WebPage\",\"@id\":\"https:\\\/\\\/www.emoji.com\\\/fr\\\/emoji-to-take-over-license-global-for-world-emoji-day\\\/\",\"url\":\"https:\\\/\\\/www.emoji.com\\\/fr\\\/emoji-to-take-over-license-global-for-world-emoji-day\\\/\",\"name\":\"emoji\u00ae to Take Over License Global for World Emoji Day - emoji\u00ae \u2013 The Iconic Brand\",\"isPartOf\":{\"@id\":\"https:\\\/\\\/www.emoji.com\\\/fr\\\/#website\"},\"primaryImageOfPage\":{\"@id\":\"https:\\\/\\\/www.emoji.com\\\/fr\\\/emoji-to-take-over-license-global-for-world-emoji-day\\\/#primaryimage\"},\"image\":{\"@id\":\"https:\\\/\\\/www.emoji.com\\\/fr\\\/emoji-to-take-over-license-global-for-world-emoji-day\\\/#primaryimage\"},\"thumbnailUrl\":\"https:\\\/\\\/www.emoji.com\\\/wp-content\\\/uploads\\\/2020\\\/07\\\/worldemojiday.png\",\"datePublished\":\"2020-07-13T08:54:04+00:00\",\"breadcrumb\":{\"@id\":\"https:\\\/\\\/www.emoji.com\\\/fr\\\/emoji-to-take-over-license-global-for-world-emoji-day\\\/#breadcrumb\"},\"inLanguage\":\"fr-FR\",\"potentialAction\":[{\"@type\":\"ReadAction\",\"target\":[\"https:\\\/\\\/www.emoji.com\\\/fr\\\/emoji-to-take-over-license-global-for-world-emoji-day\\\/\"]}]},{\"@type\":\"ImageObject\",\"inLanguage\":\"fr-FR\",\"@id\":\"https:\\\/\\\/www.emoji.com\\\/fr\\\/emoji-to-take-over-license-global-for-world-emoji-day\\\/#primaryimage\",\"url\":\"https:\\\/\\\/www.emoji.com\\\/wp-content\\\/uploads\\\/2020\\\/07\\\/worldemojiday.png\",\"contentUrl\":\"https:\\\/\\\/www.emoji.com\\\/wp-content\\\/uploads\\\/2020\\\/07\\\/worldemojiday.png\",\"width\":1540,\"height\":800},{\"@type\":\"BreadcrumbList\",\"@id\":\"https:\\\/\\\/www.emoji.com\\\/fr\\\/emoji-to-take-over-license-global-for-world-emoji-day\\\/#breadcrumb\",\"itemListElement\":[{\"@type\":\"ListItem\",\"position\":1,\"name\":\"Startseite\",\"item\":\"https:\\\/\\\/www.emoji.com\\\/fr\\\/accueil\\\/\"},{\"@type\":\"ListItem\",\"position\":2,\"name\":\"emoji\u00ae to Take Over License Global for World Emoji Day\"}]},{\"@type\":\"WebSite\",\"@id\":\"https:\\\/\\\/www.emoji.com\\\/fr\\\/#website\",\"url\":\"https:\\\/\\\/www.emoji.com\\\/fr\\\/\",\"name\":\"emoji \u2013 The Iconic Brand\",\"description\":\"\",\"publisher\":{\"@id\":\"https:\\\/\\\/www.emoji.com\\\/fr\\\/#organization\"},\"potentialAction\":[{\"@type\":\"SearchAction\",\"target\":{\"@type\":\"EntryPoint\",\"urlTemplate\":\"https:\\\/\\\/www.emoji.com\\\/fr\\\/?s={search_term_string}\"},\"query-input\":{\"@type\":\"PropertyValueSpecification\",\"valueRequired\":true,\"valueName\":\"search_term_string\"}}],\"inLanguage\":\"fr-FR\"},{\"@type\":\"Organization\",\"@id\":\"https:\\\/\\\/www.emoji.com\\\/fr\\\/#organization\",\"name\":\"emoji company GmbH\",\"url\":\"https:\\\/\\\/www.emoji.com\\\/fr\\\/\",\"logo\":{\"@type\":\"ImageObject\",\"inLanguage\":\"fr-FR\",\"@id\":\"https:\\\/\\\/www.emoji.com\\\/fr\\\/#\\\/schema\\\/logo\\\/image\\\/\",\"url\":\"https:\\\/\\\/www.emoji.com\\\/wp-content\\\/uploads\\\/2022\\\/10\\\/emoji-face-logo-glossy.png\",\"contentUrl\":\"https:\\\/\\\/www.emoji.com\\\/wp-content\\\/uploads\\\/2022\\\/10\\\/emoji-face-logo-glossy.png\",\"width\":300,\"height\":294,\"caption\":\"emoji company GmbH\"},\"image\":{\"@id\":\"https:\\\/\\\/www.emoji.com\\\/fr\\\/#\\\/schema\\\/logo\\\/image\\\/\"}},{\"@type\":\"Person\",\"@id\":\"https:\\\/\\\/www.emoji.com\\\/fr\\\/#\\\/schema\\\/person\\\/b2afebc065fb495cf358e934e16a3c23\",\"name\":\"Marcus\",\"image\":{\"@type\":\"ImageObject\",\"inLanguage\":\"fr-FR\",\"@id\":\"https:\\\/\\\/secure.gravatar.com\\\/avatar\\\/a5fafd803b2f2dfadd75e7504c33b6ea70baec11b768a4372b7312f3f12d4c68?s=96&d=mm&r=g\",\"url\":\"https:\\\/\\\/secure.gravatar.com\\\/avatar\\\/a5fafd803b2f2dfadd75e7504c33b6ea70baec11b768a4372b7312f3f12d4c68?s=96&d=mm&r=g\",\"contentUrl\":\"https:\\\/\\\/secure.gravatar.com\\\/avatar\\\/a5fafd803b2f2dfadd75e7504c33b6ea70baec11b768a4372b7312f3f12d4c68?s=96&d=mm&r=g\",\"caption\":\"Marcus\"},\"sameAs\":[\"https:\\\/\\\/www.emoji.com\"],\"url\":\"https:\\\/\\\/www.emoji.com\\\/fr\\\/author\\\/marcus\\\/\"}]}<\/script>\n<!-- \/ Yoast SEO Premium plugin. -->","yoast_head_json":{"title":"emoji\u00ae to Take Over License Global for World Emoji Day - emoji\u00ae \u2013 The Iconic Brand","robots":{"index":"index","follow":"follow","max-snippet":"max-snippet:-1","max-image-preview":"max-image-preview:large","max-video-preview":"max-video-preview:-1"},"canonical":"https:\/\/www.emoji.com\/fr\/emoji-to-take-over-license-global-for-world-emoji-day\/","og_locale":"fr_FR","og_type":"article","og_title":"emoji\u00ae to Take Over License Global for World Emoji Day","og_description":"The CEO of emoji\u00ae shares why this year\u2019s World Emoji Day is more critical than ever. July 17 is World Emoji Day. What better company is there to celebrate the social media holiday than The emoji company? What better way to do it than to take over\u00a0License Global\u2019s social media channels for the day? Before emoji takes over, Marco H\u00fcsges, chief executive officer and managing director, The emoji company, spoke with License Global about what to expect from this year\u2019s World Emoji Day. License Global: Why is celebrating World Emoji Day so important to The emoji company?\u00a0 H\u00fcsges: With our activities around World Emoji Day, we celebrate the use of emoji brand icons worldwide and create more brand visibility and build brand equity. Our brand needs to stay closely connected with our partners and consumers and interact with them, especially on that day, showing the variety that lies in emoji and sharing happiness. What makes this year\u2019s World Emoji Day particularly unique? Our brand stands for the purest form of expression and communication and unites people of any gender and age. This is a tough year; we are facing a global pandemic, but there will be better times, and we will get through this all together. Social cohesion is more important than ever, and via emoji, we can deliver confidence and companionship. What can\u00a0License Global\u00a0followers expect from the social media takeover?\u00a0\u00a0 Good vibrations; colorful designs combined with some product integration. Our activities during World Emoji Day are a potpourri of emotions to demonstrate the depth of the emoji brand and to underscore its lively universal character. We aim to spread joy and happiness on that day and punctuate the unique potential and wide scope of application of the emoji brand. If you could create a new emoji, what would it be, and why?\u00a0 I want to create a hand-heart emoji\u00ae brand icon that stands for love and help worldwide. It is a gesture we all know and use. It expresses the deepest sympathy for one another and is a treasured but missing icon. Find out what emoji want to create a hand-heart emoji brand icon has in store this year for World Emoji Day, when the company takes over\u00a0License Global\u2019s social media platforms on Friday, July 17, at 3 a.m. ET. Follow us on\u00a0Facebook,\u00a0Twitter,\u00a0Instagram\u00a0and\u00a0LinkedIn for more. Source","og_url":"https:\/\/www.emoji.com\/fr\/emoji-to-take-over-license-global-for-world-emoji-day\/","og_site_name":"emoji\u00ae \u2013 The Iconic Brand","article_published_time":"2020-07-13T08:54:04+00:00","og_image":[{"width":1540,"height":800,"url":"https:\/\/www.emoji.com\/wp-content\/uploads\/2020\/07\/worldemojiday.png","type":"image\/png"}],"author":"Marcus","twitter_card":"summary_large_image","twitter_misc":{"\u00c9crit par":"Marcus","Dur\u00e9e de lecture estim\u00e9e":"2 minutes"},"schema":{"@context":"https:\/\/schema.org","@graph":[{"@type":"Article","@id":"https:\/\/www.emoji.com\/fr\/emoji-to-take-over-license-global-for-world-emoji-day\/#article","isPartOf":{"@id":"https:\/\/www.emoji.com\/fr\/emoji-to-take-over-license-global-for-world-emoji-day\/"},"author":{"name":"Marcus","@id":"https:\/\/www.emoji.com\/fr\/#\/schema\/person\/b2afebc065fb495cf358e934e16a3c23"},"headline":"emoji\u00ae to Take Over License Global for World Emoji Day","datePublished":"2020-07-13T08:54:04+00:00","mainEntityOfPage":{"@id":"https:\/\/www.emoji.com\/fr\/emoji-to-take-over-license-global-for-world-emoji-day\/"},"wordCount":411,"commentCount":0,"publisher":{"@id":"https:\/\/www.emoji.com\/fr\/#organization"},"image":{"@id":"https:\/\/www.emoji.com\/fr\/emoji-to-take-over-license-global-for-world-emoji-day\/#primaryimage"},"thumbnailUrl":"https:\/\/www.emoji.com\/wp-content\/uploads\/2020\/07\/worldemojiday.png","keywords":["B2B"],"articleSection":["Uncategorized @tr"],"inLanguage":"fr-FR","potentialAction":[{"@type":"CommentAction","name":"Comment","target":["https:\/\/www.emoji.com\/fr\/emoji-to-take-over-license-global-for-world-emoji-day\/#respond"]}]},{"@type":"WebPage","@id":"https:\/\/www.emoji.com\/fr\/emoji-to-take-over-license-global-for-world-emoji-day\/","url":"https:\/\/www.emoji.com\/fr\/emoji-to-take-over-license-global-for-world-emoji-day\/","name":"emoji\u00ae to Take Over License Global for World Emoji Day - emoji\u00ae \u2013 The Iconic Brand","isPartOf":{"@id":"https:\/\/www.emoji.com\/fr\/#website"},"primaryImageOfPage":{"@id":"https:\/\/www.emoji.com\/fr\/emoji-to-take-over-license-global-for-world-emoji-day\/#primaryimage"},"image":{"@id":"https:\/\/www.emoji.com\/fr\/emoji-to-take-over-license-global-for-world-emoji-day\/#primaryimage"},"thumbnailUrl":"https:\/\/www.emoji.com\/wp-content\/uploads\/2020\/07\/worldemojiday.png","datePublished":"2020-07-13T08:54:04+00:00","breadcrumb":{"@id":"https:\/\/www.emoji.com\/fr\/emoji-to-take-over-license-global-for-world-emoji-day\/#breadcrumb"},"inLanguage":"fr-FR","potentialAction":[{"@type":"ReadAction","target":["https:\/\/www.emoji.com\/fr\/emoji-to-take-over-license-global-for-world-emoji-day\/"]}]},{"@type":"ImageObject","inLanguage":"fr-FR","@id":"https:\/\/www.emoji.com\/fr\/emoji-to-take-over-license-global-for-world-emoji-day\/#primaryimage","url":"https:\/\/www.emoji.com\/wp-content\/uploads\/2020\/07\/worldemojiday.png","contentUrl":"https:\/\/www.emoji.com\/wp-content\/uploads\/2020\/07\/worldemojiday.png","width":1540,"height":800},{"@type":"BreadcrumbList","@id":"https:\/\/www.emoji.com\/fr\/emoji-to-take-over-license-global-for-world-emoji-day\/#breadcrumb","itemListElement":[{"@type":"ListItem","position":1,"name":"Startseite","item":"https:\/\/www.emoji.com\/fr\/accueil\/"},{"@type":"ListItem","position":2,"name":"emoji\u00ae to Take Over License Global for World Emoji Day"}]},{"@type":"WebSite","@id":"https:\/\/www.emoji.com\/fr\/#website","url":"https:\/\/www.emoji.com\/fr\/","name":"emoji \u2013 The Iconic Brand","description":"","publisher":{"@id":"https:\/\/www.emoji.com\/fr\/#organization"},"potentialAction":[{"@type":"SearchAction","target":{"@type":"EntryPoint","urlTemplate":"https:\/\/www.emoji.com\/fr\/?s={search_term_string}"},"query-input":{"@type":"PropertyValueSpecification","valueRequired":true,"valueName":"search_term_string"}}],"inLanguage":"fr-FR"},{"@type":"Organization","@id":"https:\/\/www.emoji.com\/fr\/#organization","name":"emoji company GmbH","url":"https:\/\/www.emoji.com\/fr\/","logo":{"@type":"ImageObject","inLanguage":"fr-FR","@id":"https:\/\/www.emoji.com\/fr\/#\/schema\/logo\/image\/","url":"https:\/\/www.emoji.com\/wp-content\/uploads\/2022\/10\/emoji-face-logo-glossy.png","contentUrl":"https:\/\/www.emoji.com\/wp-content\/uploads\/2022\/10\/emoji-face-logo-glossy.png","width":300,"height":294,"caption":"emoji company GmbH"},"image":{"@id":"https:\/\/www.emoji.com\/fr\/#\/schema\/logo\/image\/"}},{"@type":"Person","@id":"https:\/\/www.emoji.com\/fr\/#\/schema\/person\/b2afebc065fb495cf358e934e16a3c23","name":"Marcus","image":{"@type":"ImageObject","inLanguage":"fr-FR","@id":"https:\/\/secure.gravatar.com\/avatar\/a5fafd803b2f2dfadd75e7504c33b6ea70baec11b768a4372b7312f3f12d4c68?s=96&d=mm&r=g","url":"https:\/\/secure.gravatar.com\/avatar\/a5fafd803b2f2dfadd75e7504c33b6ea70baec11b768a4372b7312f3f12d4c68?s=96&d=mm&r=g","contentUrl":"https:\/\/secure.gravatar.com\/avatar\/a5fafd803b2f2dfadd75e7504c33b6ea70baec11b768a4372b7312f3f12d4c68?s=96&d=mm&r=g","caption":"Marcus"},"sameAs":["https:\/\/www.emoji.com"],"url":"https:\/\/www.emoji.com\/fr\/author\/marcus\/"}]}},"_links":{"self":[{"href":"https:\/\/www.emoji.com\/fr\/wp-json\/wp\/v2\/posts\/58477","targetHints":{"allow":["GET"]}}],"collection":[{"href":"https:\/\/www.emoji.com\/fr\/wp-json\/wp\/v2\/posts"}],"about":[{"href":"https:\/\/www.emoji.com\/fr\/wp-json\/wp\/v2\/types\/post"}],"author":[{"embeddable":true,"href":"https:\/\/www.emoji.com\/fr\/wp-json\/wp\/v2\/users\/1"}],"replies":[{"embeddable":true,"href":"https:\/\/www.emoji.com\/fr\/wp-json\/wp\/v2\/comments?post=58477"}],"version-history":[{"count":0,"href":"https:\/\/www.emoji.com\/fr\/wp-json\/wp\/v2\/posts\/58477\/revisions"}],"wp:featuredmedia":[{"embeddable":true,"href":"https:\/\/www.emoji.com\/fr\/wp-json\/wp\/v2\/media\/58478"}],"wp:attachment":[{"href":"https:\/\/www.emoji.com\/fr\/wp-json\/wp\/v2\/media?parent=58477"}],"wp:term":[{"taxonomy":"category","embeddable":true,"href":"https:\/\/www.emoji.com\/fr\/wp-json\/wp\/v2\/categories?post=58477"},{"taxonomy":"post_tag","embeddable":true,"href":"https:\/\/www.emoji.com\/fr\/wp-json\/wp\/v2\/tags?post=58477"}],"curies":[{"name":"wp","href":"https:\/\/api.w.org\/{rel}","templated":true}]}}