{"id":26909,"date":"2018-04-17T15:43:42","date_gmt":"2018-04-17T15:43:42","guid":{"rendered":"https:\/\/www.emoji.com\/?p=26909"},"modified":"2018-04-17T15:43:42","modified_gmt":"2018-04-17T15:43:42","slug":"schuler-gestalten-kvb-bus-fur-ein-besseres-miteinander","status":"publish","type":"post","link":"https:\/\/www.emoji.com\/fr\/schuler-gestalten-kvb-bus-fur-ein-besseres-miteinander\/","title":{"rendered":"Sch\u00fcler gestalten KVB-Bus f\u00fcr ein besseres Miteinander"},"content":{"rendered":"<p><img loading=\"lazy\" decoding=\"async\" class=\"alignnone size-full wp-image-26926 aligncenter\" src=\"https:\/\/www.emoji.com\/wp-content\/uploads\/2019\/02\/782493631af123d5297c-150x150.jpg\" alt=\"\" width=\"150\" height=\"150\" \/><\/p>\n<p>K\u00f6ln \u2013 Die Sieger des Wettbewerbs \u00ab\u00a0Sch\u00fclerInnen gestalten einen Bus\u00a0\u00bb aus K\u00f6ln-Porz pr\u00e4sentierten am Dienstag in K\u00f6ln-Braunsfeld stolz das Fahrzeug im Design nach ihren Ideen.<\/p>\n<p><a href=\"https:\/\/www.tag24.de\/nachrichten\/koeln-braunsfeld-porz-schueler-gestalten-kvb-bus-fuer-ein-besseres-miteinander-528745\" target=\"_blank\" rel=\"noopener\">&gt; Source<\/a><\/p>\n","protected":false},"excerpt":{"rendered":"<p>K\u00f6ln \u2013 Die Sieger des Wettbewerbs \u00ab\u00a0Sch\u00fclerInnen gestalten einen Bus\u00a0\u00bb aus K\u00f6ln-Porz pr\u00e4sentierten am Dienstag in K\u00f6ln-Braunsfeld stolz das Fahrzeug im Design nach ihren Ideen. &gt; Source<\/p>\n","protected":false},"author":1,"featured_media":26910,"comment_status":"open","ping_status":"open","sticky":false,"template":"","format":"standard","meta":{"footnotes":""},"categories":[21],"tags":[53],"class_list":["post-26909","post","type-post","status-publish","format-standard","has-post-thumbnail","hentry","category-uncategorized-tr","tag-b2b-tr","entry","post-inner"],"yoast_head":"<!-- This site is optimized with the Yoast SEO Premium plugin v20.7 (Yoast SEO v27.5) - https:\/\/yoast.com\/product\/yoast-seo-premium-wordpress\/ -->\n<title>Sch\u00fcler gestalten KVB-Bus f\u00fcr ein besseres Miteinander - emoji\u00ae \u2013 The Iconic Brand<\/title>\n<meta name=\"robots\" content=\"index, follow, max-snippet:-1, max-image-preview:large, max-video-preview:-1\" \/>\n<link rel=\"canonical\" href=\"https:\/\/www.emoji.com\/fr\/schuler-gestalten-kvb-bus-fur-ein-besseres-miteinander\/\" \/>\n<meta property=\"og:locale\" content=\"fr_FR\" \/>\n<meta property=\"og:type\" content=\"article\" \/>\n<meta property=\"og:title\" content=\"Sch\u00fcler gestalten KVB-Bus f\u00fcr ein besseres Miteinander\" \/>\n<meta property=\"og:description\" content=\"K\u00f6ln \u2013 Die Sieger des Wettbewerbs \u00ab\u00a0Sch\u00fclerInnen gestalten einen Bus\u00a0\u00bb aus K\u00f6ln-Porz pr\u00e4sentierten am Dienstag in K\u00f6ln-Braunsfeld stolz das Fahrzeug im Design nach ihren Ideen. &gt; Source\" \/>\n<meta property=\"og:url\" content=\"https:\/\/www.emoji.com\/fr\/schuler-gestalten-kvb-bus-fur-ein-besseres-miteinander\/\" \/>\n<meta property=\"og:site_name\" content=\"emoji\u00ae \u2013 The Iconic Brand\" \/>\n<meta property=\"article:published_time\" content=\"2018-04-17T15:43:42+00:00\" \/>\n<meta property=\"og:image\" content=\"https:\/\/www.emoji.com\/wp-content\/uploads\/2019\/02\/8ac6dcfbd002c50f6dc5-150x150-1.jpg\" \/>\n\t<meta property=\"og:image:width\" content=\"150\" \/>\n\t<meta property=\"og:image:height\" content=\"150\" \/>\n\t<meta property=\"og:image:type\" content=\"image\/jpeg\" \/>\n<meta name=\"author\" content=\"Marcus\" \/>\n<meta name=\"twitter:card\" content=\"summary_large_image\" \/>\n<meta name=\"twitter:label1\" content=\"\u00c9crit par\" \/>\n\t<meta name=\"twitter:data1\" content=\"Marcus\" \/>\n<script type=\"application\/ld+json\" class=\"yoast-schema-graph\">{\"@context\":\"https:\\\/\\\/schema.org\",\"@graph\":[{\"@type\":\"Article\",\"@id\":\"https:\\\/\\\/www.emoji.com\\\/fr\\\/schuler-gestalten-kvb-bus-fur-ein-besseres-miteinander\\\/#article\",\"isPartOf\":{\"@id\":\"https:\\\/\\\/www.emoji.com\\\/fr\\\/schuler-gestalten-kvb-bus-fur-ein-besseres-miteinander\\\/\"},\"author\":{\"name\":\"Marcus\",\"@id\":\"https:\\\/\\\/www.emoji.com\\\/fr\\\/#\\\/schema\\\/person\\\/b2afebc065fb495cf358e934e16a3c23\"},\"headline\":\"Sch\u00fcler gestalten KVB-Bus f\u00fcr ein besseres Miteinander\",\"datePublished\":\"2018-04-17T15:43:42+00:00\",\"mainEntityOfPage\":{\"@id\":\"https:\\\/\\\/www.emoji.com\\\/fr\\\/schuler-gestalten-kvb-bus-fur-ein-besseres-miteinander\\\/\"},\"wordCount\":40,\"commentCount\":0,\"publisher\":{\"@id\":\"https:\\\/\\\/www.emoji.com\\\/fr\\\/#organization\"},\"image\":{\"@id\":\"https:\\\/\\\/www.emoji.com\\\/fr\\\/schuler-gestalten-kvb-bus-fur-ein-besseres-miteinander\\\/#primaryimage\"},\"thumbnailUrl\":\"https:\\\/\\\/www.emoji.com\\\/wp-content\\\/uploads\\\/2019\\\/02\\\/8ac6dcfbd002c50f6dc5-150x150-1.jpg\",\"keywords\":[\"B2B\"],\"articleSection\":[\"Uncategorized @tr\"],\"inLanguage\":\"fr-FR\",\"potentialAction\":[{\"@type\":\"CommentAction\",\"name\":\"Comment\",\"target\":[\"https:\\\/\\\/www.emoji.com\\\/fr\\\/schuler-gestalten-kvb-bus-fur-ein-besseres-miteinander\\\/#respond\"]}]},{\"@type\":\"WebPage\",\"@id\":\"https:\\\/\\\/www.emoji.com\\\/fr\\\/schuler-gestalten-kvb-bus-fur-ein-besseres-miteinander\\\/\",\"url\":\"https:\\\/\\\/www.emoji.com\\\/fr\\\/schuler-gestalten-kvb-bus-fur-ein-besseres-miteinander\\\/\",\"name\":\"Sch\u00fcler gestalten KVB-Bus f\u00fcr ein besseres Miteinander - emoji\u00ae \u2013 The Iconic Brand\",\"isPartOf\":{\"@id\":\"https:\\\/\\\/www.emoji.com\\\/fr\\\/#website\"},\"primaryImageOfPage\":{\"@id\":\"https:\\\/\\\/www.emoji.com\\\/fr\\\/schuler-gestalten-kvb-bus-fur-ein-besseres-miteinander\\\/#primaryimage\"},\"image\":{\"@id\":\"https:\\\/\\\/www.emoji.com\\\/fr\\\/schuler-gestalten-kvb-bus-fur-ein-besseres-miteinander\\\/#primaryimage\"},\"thumbnailUrl\":\"https:\\\/\\\/www.emoji.com\\\/wp-content\\\/uploads\\\/2019\\\/02\\\/8ac6dcfbd002c50f6dc5-150x150-1.jpg\",\"datePublished\":\"2018-04-17T15:43:42+00:00\",\"breadcrumb\":{\"@id\":\"https:\\\/\\\/www.emoji.com\\\/fr\\\/schuler-gestalten-kvb-bus-fur-ein-besseres-miteinander\\\/#breadcrumb\"},\"inLanguage\":\"fr-FR\",\"potentialAction\":[{\"@type\":\"ReadAction\",\"target\":[\"https:\\\/\\\/www.emoji.com\\\/fr\\\/schuler-gestalten-kvb-bus-fur-ein-besseres-miteinander\\\/\"]}]},{\"@type\":\"ImageObject\",\"inLanguage\":\"fr-FR\",\"@id\":\"https:\\\/\\\/www.emoji.com\\\/fr\\\/schuler-gestalten-kvb-bus-fur-ein-besseres-miteinander\\\/#primaryimage\",\"url\":\"https:\\\/\\\/www.emoji.com\\\/wp-content\\\/uploads\\\/2019\\\/02\\\/8ac6dcfbd002c50f6dc5-150x150-1.jpg\",\"contentUrl\":\"https:\\\/\\\/www.emoji.com\\\/wp-content\\\/uploads\\\/2019\\\/02\\\/8ac6dcfbd002c50f6dc5-150x150-1.jpg\",\"width\":150,\"height\":150},{\"@type\":\"BreadcrumbList\",\"@id\":\"https:\\\/\\\/www.emoji.com\\\/fr\\\/schuler-gestalten-kvb-bus-fur-ein-besseres-miteinander\\\/#breadcrumb\",\"itemListElement\":[{\"@type\":\"ListItem\",\"position\":1,\"name\":\"Startseite\",\"item\":\"https:\\\/\\\/www.emoji.com\\\/fr\\\/accueil\\\/\"},{\"@type\":\"ListItem\",\"position\":2,\"name\":\"Sch\u00fcler gestalten KVB-Bus f\u00fcr ein besseres Miteinander\"}]},{\"@type\":\"WebSite\",\"@id\":\"https:\\\/\\\/www.emoji.com\\\/fr\\\/#website\",\"url\":\"https:\\\/\\\/www.emoji.com\\\/fr\\\/\",\"name\":\"emoji \u2013 The Iconic Brand\",\"description\":\"\",\"publisher\":{\"@id\":\"https:\\\/\\\/www.emoji.com\\\/fr\\\/#organization\"},\"potentialAction\":[{\"@type\":\"SearchAction\",\"target\":{\"@type\":\"EntryPoint\",\"urlTemplate\":\"https:\\\/\\\/www.emoji.com\\\/fr\\\/?s={search_term_string}\"},\"query-input\":{\"@type\":\"PropertyValueSpecification\",\"valueRequired\":true,\"valueName\":\"search_term_string\"}}],\"inLanguage\":\"fr-FR\"},{\"@type\":\"Organization\",\"@id\":\"https:\\\/\\\/www.emoji.com\\\/fr\\\/#organization\",\"name\":\"emoji company GmbH\",\"url\":\"https:\\\/\\\/www.emoji.com\\\/fr\\\/\",\"logo\":{\"@type\":\"ImageObject\",\"inLanguage\":\"fr-FR\",\"@id\":\"https:\\\/\\\/www.emoji.com\\\/fr\\\/#\\\/schema\\\/logo\\\/image\\\/\",\"url\":\"https:\\\/\\\/www.emoji.com\\\/wp-content\\\/uploads\\\/2022\\\/10\\\/emoji-face-logo-glossy.png\",\"contentUrl\":\"https:\\\/\\\/www.emoji.com\\\/wp-content\\\/uploads\\\/2022\\\/10\\\/emoji-face-logo-glossy.png\",\"width\":300,\"height\":294,\"caption\":\"emoji company GmbH\"},\"image\":{\"@id\":\"https:\\\/\\\/www.emoji.com\\\/fr\\\/#\\\/schema\\\/logo\\\/image\\\/\"}},{\"@type\":\"Person\",\"@id\":\"https:\\\/\\\/www.emoji.com\\\/fr\\\/#\\\/schema\\\/person\\\/b2afebc065fb495cf358e934e16a3c23\",\"name\":\"Marcus\",\"image\":{\"@type\":\"ImageObject\",\"inLanguage\":\"fr-FR\",\"@id\":\"https:\\\/\\\/secure.gravatar.com\\\/avatar\\\/a5fafd803b2f2dfadd75e7504c33b6ea70baec11b768a4372b7312f3f12d4c68?s=96&d=mm&r=g\",\"url\":\"https:\\\/\\\/secure.gravatar.com\\\/avatar\\\/a5fafd803b2f2dfadd75e7504c33b6ea70baec11b768a4372b7312f3f12d4c68?s=96&d=mm&r=g\",\"contentUrl\":\"https:\\\/\\\/secure.gravatar.com\\\/avatar\\\/a5fafd803b2f2dfadd75e7504c33b6ea70baec11b768a4372b7312f3f12d4c68?s=96&d=mm&r=g\",\"caption\":\"Marcus\"},\"sameAs\":[\"https:\\\/\\\/www.emoji.com\"],\"url\":\"https:\\\/\\\/www.emoji.com\\\/fr\\\/author\\\/marcus\\\/\"}]}<\/script>\n<!-- \/ Yoast SEO Premium plugin. -->","yoast_head_json":{"title":"Sch\u00fcler gestalten KVB-Bus f\u00fcr ein besseres Miteinander - emoji\u00ae \u2013 The Iconic Brand","robots":{"index":"index","follow":"follow","max-snippet":"max-snippet:-1","max-image-preview":"max-image-preview:large","max-video-preview":"max-video-preview:-1"},"canonical":"https:\/\/www.emoji.com\/fr\/schuler-gestalten-kvb-bus-fur-ein-besseres-miteinander\/","og_locale":"fr_FR","og_type":"article","og_title":"Sch\u00fcler gestalten KVB-Bus f\u00fcr ein besseres Miteinander","og_description":"K\u00f6ln \u2013 Die Sieger des Wettbewerbs \u00ab\u00a0Sch\u00fclerInnen gestalten einen Bus\u00a0\u00bb aus K\u00f6ln-Porz pr\u00e4sentierten am Dienstag in K\u00f6ln-Braunsfeld stolz das Fahrzeug im Design nach ihren Ideen. &gt; Source","og_url":"https:\/\/www.emoji.com\/fr\/schuler-gestalten-kvb-bus-fur-ein-besseres-miteinander\/","og_site_name":"emoji\u00ae \u2013 The Iconic Brand","article_published_time":"2018-04-17T15:43:42+00:00","og_image":[{"width":150,"height":150,"url":"https:\/\/www.emoji.com\/wp-content\/uploads\/2019\/02\/8ac6dcfbd002c50f6dc5-150x150-1.jpg","type":"image\/jpeg"}],"author":"Marcus","twitter_card":"summary_large_image","twitter_misc":{"\u00c9crit par":"Marcus"},"schema":{"@context":"https:\/\/schema.org","@graph":[{"@type":"Article","@id":"https:\/\/www.emoji.com\/fr\/schuler-gestalten-kvb-bus-fur-ein-besseres-miteinander\/#article","isPartOf":{"@id":"https:\/\/www.emoji.com\/fr\/schuler-gestalten-kvb-bus-fur-ein-besseres-miteinander\/"},"author":{"name":"Marcus","@id":"https:\/\/www.emoji.com\/fr\/#\/schema\/person\/b2afebc065fb495cf358e934e16a3c23"},"headline":"Sch\u00fcler gestalten KVB-Bus f\u00fcr ein besseres Miteinander","datePublished":"2018-04-17T15:43:42+00:00","mainEntityOfPage":{"@id":"https:\/\/www.emoji.com\/fr\/schuler-gestalten-kvb-bus-fur-ein-besseres-miteinander\/"},"wordCount":40,"commentCount":0,"publisher":{"@id":"https:\/\/www.emoji.com\/fr\/#organization"},"image":{"@id":"https:\/\/www.emoji.com\/fr\/schuler-gestalten-kvb-bus-fur-ein-besseres-miteinander\/#primaryimage"},"thumbnailUrl":"https:\/\/www.emoji.com\/wp-content\/uploads\/2019\/02\/8ac6dcfbd002c50f6dc5-150x150-1.jpg","keywords":["B2B"],"articleSection":["Uncategorized @tr"],"inLanguage":"fr-FR","potentialAction":[{"@type":"CommentAction","name":"Comment","target":["https:\/\/www.emoji.com\/fr\/schuler-gestalten-kvb-bus-fur-ein-besseres-miteinander\/#respond"]}]},{"@type":"WebPage","@id":"https:\/\/www.emoji.com\/fr\/schuler-gestalten-kvb-bus-fur-ein-besseres-miteinander\/","url":"https:\/\/www.emoji.com\/fr\/schuler-gestalten-kvb-bus-fur-ein-besseres-miteinander\/","name":"Sch\u00fcler gestalten KVB-Bus f\u00fcr ein besseres Miteinander - emoji\u00ae \u2013 The Iconic Brand","isPartOf":{"@id":"https:\/\/www.emoji.com\/fr\/#website"},"primaryImageOfPage":{"@id":"https:\/\/www.emoji.com\/fr\/schuler-gestalten-kvb-bus-fur-ein-besseres-miteinander\/#primaryimage"},"image":{"@id":"https:\/\/www.emoji.com\/fr\/schuler-gestalten-kvb-bus-fur-ein-besseres-miteinander\/#primaryimage"},"thumbnailUrl":"https:\/\/www.emoji.com\/wp-content\/uploads\/2019\/02\/8ac6dcfbd002c50f6dc5-150x150-1.jpg","datePublished":"2018-04-17T15:43:42+00:00","breadcrumb":{"@id":"https:\/\/www.emoji.com\/fr\/schuler-gestalten-kvb-bus-fur-ein-besseres-miteinander\/#breadcrumb"},"inLanguage":"fr-FR","potentialAction":[{"@type":"ReadAction","target":["https:\/\/www.emoji.com\/fr\/schuler-gestalten-kvb-bus-fur-ein-besseres-miteinander\/"]}]},{"@type":"ImageObject","inLanguage":"fr-FR","@id":"https:\/\/www.emoji.com\/fr\/schuler-gestalten-kvb-bus-fur-ein-besseres-miteinander\/#primaryimage","url":"https:\/\/www.emoji.com\/wp-content\/uploads\/2019\/02\/8ac6dcfbd002c50f6dc5-150x150-1.jpg","contentUrl":"https:\/\/www.emoji.com\/wp-content\/uploads\/2019\/02\/8ac6dcfbd002c50f6dc5-150x150-1.jpg","width":150,"height":150},{"@type":"BreadcrumbList","@id":"https:\/\/www.emoji.com\/fr\/schuler-gestalten-kvb-bus-fur-ein-besseres-miteinander\/#breadcrumb","itemListElement":[{"@type":"ListItem","position":1,"name":"Startseite","item":"https:\/\/www.emoji.com\/fr\/accueil\/"},{"@type":"ListItem","position":2,"name":"Sch\u00fcler gestalten KVB-Bus f\u00fcr ein besseres Miteinander"}]},{"@type":"WebSite","@id":"https:\/\/www.emoji.com\/fr\/#website","url":"https:\/\/www.emoji.com\/fr\/","name":"emoji \u2013 The Iconic Brand","description":"","publisher":{"@id":"https:\/\/www.emoji.com\/fr\/#organization"},"potentialAction":[{"@type":"SearchAction","target":{"@type":"EntryPoint","urlTemplate":"https:\/\/www.emoji.com\/fr\/?s={search_term_string}"},"query-input":{"@type":"PropertyValueSpecification","valueRequired":true,"valueName":"search_term_string"}}],"inLanguage":"fr-FR"},{"@type":"Organization","@id":"https:\/\/www.emoji.com\/fr\/#organization","name":"emoji company GmbH","url":"https:\/\/www.emoji.com\/fr\/","logo":{"@type":"ImageObject","inLanguage":"fr-FR","@id":"https:\/\/www.emoji.com\/fr\/#\/schema\/logo\/image\/","url":"https:\/\/www.emoji.com\/wp-content\/uploads\/2022\/10\/emoji-face-logo-glossy.png","contentUrl":"https:\/\/www.emoji.com\/wp-content\/uploads\/2022\/10\/emoji-face-logo-glossy.png","width":300,"height":294,"caption":"emoji company GmbH"},"image":{"@id":"https:\/\/www.emoji.com\/fr\/#\/schema\/logo\/image\/"}},{"@type":"Person","@id":"https:\/\/www.emoji.com\/fr\/#\/schema\/person\/b2afebc065fb495cf358e934e16a3c23","name":"Marcus","image":{"@type":"ImageObject","inLanguage":"fr-FR","@id":"https:\/\/secure.gravatar.com\/avatar\/a5fafd803b2f2dfadd75e7504c33b6ea70baec11b768a4372b7312f3f12d4c68?s=96&d=mm&r=g","url":"https:\/\/secure.gravatar.com\/avatar\/a5fafd803b2f2dfadd75e7504c33b6ea70baec11b768a4372b7312f3f12d4c68?s=96&d=mm&r=g","contentUrl":"https:\/\/secure.gravatar.com\/avatar\/a5fafd803b2f2dfadd75e7504c33b6ea70baec11b768a4372b7312f3f12d4c68?s=96&d=mm&r=g","caption":"Marcus"},"sameAs":["https:\/\/www.emoji.com"],"url":"https:\/\/www.emoji.com\/fr\/author\/marcus\/"}]}},"_links":{"self":[{"href":"https:\/\/www.emoji.com\/fr\/wp-json\/wp\/v2\/posts\/26909","targetHints":{"allow":["GET"]}}],"collection":[{"href":"https:\/\/www.emoji.com\/fr\/wp-json\/wp\/v2\/posts"}],"about":[{"href":"https:\/\/www.emoji.com\/fr\/wp-json\/wp\/v2\/types\/post"}],"author":[{"embeddable":true,"href":"https:\/\/www.emoji.com\/fr\/wp-json\/wp\/v2\/users\/1"}],"replies":[{"embeddable":true,"href":"https:\/\/www.emoji.com\/fr\/wp-json\/wp\/v2\/comments?post=26909"}],"version-history":[{"count":0,"href":"https:\/\/www.emoji.com\/fr\/wp-json\/wp\/v2\/posts\/26909\/revisions"}],"wp:featuredmedia":[{"embeddable":true,"href":"https:\/\/www.emoji.com\/fr\/wp-json\/wp\/v2\/media\/26910"}],"wp:attachment":[{"href":"https:\/\/www.emoji.com\/fr\/wp-json\/wp\/v2\/media?parent=26909"}],"wp:term":[{"taxonomy":"category","embeddable":true,"href":"https:\/\/www.emoji.com\/fr\/wp-json\/wp\/v2\/categories?post=26909"},{"taxonomy":"post_tag","embeddable":true,"href":"https:\/\/www.emoji.com\/fr\/wp-json\/wp\/v2\/tags?post=26909"}],"curies":[{"name":"wp","href":"https:\/\/api.w.org\/{rel}","templated":true}]}}