{"id":81194,"date":"2023-03-23T09:28:02","date_gmt":"2023-03-23T08:28:02","guid":{"rendered":"https:\/\/www.emoji.com\/?p=81194"},"modified":"2023-03-30T09:29:42","modified_gmt":"2023-03-30T07:29:42","slug":"pb-arts-e-emoji-the-iconic-brand-se-unem-para-criar-uma-incrivel-colecao-toy-ar","status":"publish","type":"post","link":"https:\/\/www.emoji.com\/de\/pb-arts-e-emoji-the-iconic-brand-se-unem-para-criar-uma-incrivel-colecao-toy-ar\/","title":{"rendered":"PB Arts e emoji\u00ae \u2013 The Iconic Brand se unem para criar uma incr\u00edvel cole\u00e7\u00e3o Toy Ar"},"content":{"rendered":"<p>Duas grandes marcas se uniram para uma colabora\u00e7\u00e3o art\u00edstica: PB Arts e emoji\u00ae-The Iconic Brand, ambas empresas t\u00eam muitas caracter\u00edsticas em comum, inova\u00e7\u00e3o, cores, design, comunica\u00e7\u00e3o e vis\u00e3o de futuro.<\/p>\n<p><a href=\"https:\/\/abral.org.br\/en\/pb-arts-e-emoji-the-iconic-brand-se-unem-para-criar-uma-incrivel-colecao-toy-art\/\" target=\"_blank\" rel=\"noopener\"><strong>Read more:<\/strong><\/a><\/p>\n","protected":false},"excerpt":{"rendered":"<p>Duas grandes marcas se uniram para uma colabora\u00e7\u00e3o art\u00edstica: PB Arts e emoji\u00ae-The Iconic Brand, ambas empresas t\u00eam muitas caracter\u00edsticas em comum, inova\u00e7\u00e3o, cores, design, comunica\u00e7\u00e3o e vis\u00e3o de futuro. Read more:<\/p>\n","protected":false},"author":1,"featured_media":81195,"comment_status":"closed","ping_status":"closed","sticky":false,"template":"","format":"standard","meta":{"footnotes":""},"categories":[154],"tags":[125],"class_list":["post-81194","post","type-post","status-publish","format-standard","has-post-thumbnail","hentry","category-154","tag-b2b-2","entry","post-inner"],"yoast_head":"<!-- This site is optimized with the Yoast SEO Premium plugin v20.7 (Yoast SEO v27.5) - https:\/\/yoast.com\/product\/yoast-seo-premium-wordpress\/ -->\n<title>PB Arts e emoji\u00ae \u2013 The Iconic Brand se unem para criar uma incr\u00edvel cole\u00e7\u00e3o Toy Ar - emoji\u00ae \u2013 The Iconic Brand<\/title>\n<meta name=\"robots\" content=\"index, follow, max-snippet:-1, max-image-preview:large, max-video-preview:-1\" \/>\n<link rel=\"canonical\" href=\"https:\/\/www.emoji.com\/de\/pb-arts-e-emoji-the-iconic-brand-se-unem-para-criar-uma-incrivel-colecao-toy-ar\/\" \/>\n<meta property=\"og:locale\" content=\"de_DE\" \/>\n<meta property=\"og:type\" content=\"article\" \/>\n<meta property=\"og:title\" content=\"PB Arts e emoji\u00ae \u2013 The Iconic Brand se unem para criar uma incr\u00edvel cole\u00e7\u00e3o Toy Ar\" \/>\n<meta property=\"og:description\" content=\"Duas grandes marcas se uniram para uma colabora\u00e7\u00e3o art\u00edstica: PB Arts e emoji\u00ae-The Iconic Brand, ambas empresas t\u00eam muitas caracter\u00edsticas em comum, inova\u00e7\u00e3o, cores, design, comunica\u00e7\u00e3o e vis\u00e3o de futuro. Read more:\" \/>\n<meta property=\"og:url\" content=\"https:\/\/www.emoji.com\/de\/pb-arts-e-emoji-the-iconic-brand-se-unem-para-criar-uma-incrivel-colecao-toy-ar\/\" \/>\n<meta property=\"og:site_name\" content=\"emoji\u00ae \u2013 The Iconic Brand\" \/>\n<meta property=\"article:published_time\" content=\"2023-03-23T08:28:02+00:00\" \/>\n<meta property=\"article:modified_time\" content=\"2023-03-30T07:29:42+00:00\" \/>\n<meta property=\"og:image\" content=\"https:\/\/www.emoji.com\/wp-content\/uploads\/2023\/03\/image002.jpg\" \/>\n\t<meta property=\"og:image:width\" content=\"1352\" \/>\n\t<meta property=\"og:image:height\" content=\"1346\" \/>\n\t<meta property=\"og:image:type\" content=\"image\/jpeg\" \/>\n<meta name=\"author\" content=\"Marcus\" \/>\n<meta name=\"twitter:card\" content=\"summary_large_image\" \/>\n<meta name=\"twitter:label1\" content=\"Verfasst von\" \/>\n\t<meta name=\"twitter:data1\" content=\"Marcus\" \/>\n\t<meta name=\"twitter:label2\" content=\"Gesch\u00e4tzte Lesezeit\" \/>\n\t<meta name=\"twitter:data2\" content=\"1\u00a0Minute\" \/>\n<script type=\"application\/ld+json\" class=\"yoast-schema-graph\">{\"@context\":\"https:\\\/\\\/schema.org\",\"@graph\":[{\"@type\":\"Article\",\"@id\":\"https:\\\/\\\/www.emoji.com\\\/de\\\/pb-arts-e-emoji-the-iconic-brand-se-unem-para-criar-uma-incrivel-colecao-toy-ar\\\/#article\",\"isPartOf\":{\"@id\":\"https:\\\/\\\/www.emoji.com\\\/de\\\/pb-arts-e-emoji-the-iconic-brand-se-unem-para-criar-uma-incrivel-colecao-toy-ar\\\/\"},\"author\":{\"name\":\"Marcus\",\"@id\":\"https:\\\/\\\/www.emoji.com\\\/de\\\/#\\\/schema\\\/person\\\/b2afebc065fb495cf358e934e16a3c23\"},\"headline\":\"PB Arts e emoji\u00ae \u2013 The Iconic Brand se unem para criar uma incr\u00edvel cole\u00e7\u00e3o Toy Ar\",\"datePublished\":\"2023-03-23T08:28:02+00:00\",\"dateModified\":\"2023-03-30T07:29:42+00:00\",\"mainEntityOfPage\":{\"@id\":\"https:\\\/\\\/www.emoji.com\\\/de\\\/pb-arts-e-emoji-the-iconic-brand-se-unem-para-criar-uma-incrivel-colecao-toy-ar\\\/\"},\"wordCount\":58,\"publisher\":{\"@id\":\"https:\\\/\\\/www.emoji.com\\\/de\\\/#organization\"},\"image\":{\"@id\":\"https:\\\/\\\/www.emoji.com\\\/de\\\/pb-arts-e-emoji-the-iconic-brand-se-unem-para-criar-uma-incrivel-colecao-toy-ar\\\/#primaryimage\"},\"thumbnailUrl\":\"https:\\\/\\\/www.emoji.com\\\/wp-content\\\/uploads\\\/2023\\\/03\\\/image002.jpg\",\"keywords\":[\"B2B\"],\"articleSection\":[\"2023\"],\"inLanguage\":\"de\"},{\"@type\":\"WebPage\",\"@id\":\"https:\\\/\\\/www.emoji.com\\\/de\\\/pb-arts-e-emoji-the-iconic-brand-se-unem-para-criar-uma-incrivel-colecao-toy-ar\\\/\",\"url\":\"https:\\\/\\\/www.emoji.com\\\/de\\\/pb-arts-e-emoji-the-iconic-brand-se-unem-para-criar-uma-incrivel-colecao-toy-ar\\\/\",\"name\":\"PB Arts e emoji\u00ae \u2013 The Iconic Brand se unem para criar uma incr\u00edvel cole\u00e7\u00e3o Toy Ar - emoji\u00ae \u2013 The Iconic Brand\",\"isPartOf\":{\"@id\":\"https:\\\/\\\/www.emoji.com\\\/de\\\/#website\"},\"primaryImageOfPage\":{\"@id\":\"https:\\\/\\\/www.emoji.com\\\/de\\\/pb-arts-e-emoji-the-iconic-brand-se-unem-para-criar-uma-incrivel-colecao-toy-ar\\\/#primaryimage\"},\"image\":{\"@id\":\"https:\\\/\\\/www.emoji.com\\\/de\\\/pb-arts-e-emoji-the-iconic-brand-se-unem-para-criar-uma-incrivel-colecao-toy-ar\\\/#primaryimage\"},\"thumbnailUrl\":\"https:\\\/\\\/www.emoji.com\\\/wp-content\\\/uploads\\\/2023\\\/03\\\/image002.jpg\",\"datePublished\":\"2023-03-23T08:28:02+00:00\",\"dateModified\":\"2023-03-30T07:29:42+00:00\",\"breadcrumb\":{\"@id\":\"https:\\\/\\\/www.emoji.com\\\/de\\\/pb-arts-e-emoji-the-iconic-brand-se-unem-para-criar-uma-incrivel-colecao-toy-ar\\\/#breadcrumb\"},\"inLanguage\":\"de\",\"potentialAction\":[{\"@type\":\"ReadAction\",\"target\":[\"https:\\\/\\\/www.emoji.com\\\/de\\\/pb-arts-e-emoji-the-iconic-brand-se-unem-para-criar-uma-incrivel-colecao-toy-ar\\\/\"]}]},{\"@type\":\"ImageObject\",\"inLanguage\":\"de\",\"@id\":\"https:\\\/\\\/www.emoji.com\\\/de\\\/pb-arts-e-emoji-the-iconic-brand-se-unem-para-criar-uma-incrivel-colecao-toy-ar\\\/#primaryimage\",\"url\":\"https:\\\/\\\/www.emoji.com\\\/wp-content\\\/uploads\\\/2023\\\/03\\\/image002.jpg\",\"contentUrl\":\"https:\\\/\\\/www.emoji.com\\\/wp-content\\\/uploads\\\/2023\\\/03\\\/image002.jpg\",\"width\":1352,\"height\":1346},{\"@type\":\"BreadcrumbList\",\"@id\":\"https:\\\/\\\/www.emoji.com\\\/de\\\/pb-arts-e-emoji-the-iconic-brand-se-unem-para-criar-uma-incrivel-colecao-toy-ar\\\/#breadcrumb\",\"itemListElement\":[{\"@type\":\"ListItem\",\"position\":1,\"name\":\"Startseite\",\"item\":\"https:\\\/\\\/www.emoji.com\\\/de\\\/home\\\/\"},{\"@type\":\"ListItem\",\"position\":2,\"name\":\"PB Arts e emoji\u00ae \u2013 The Iconic Brand se unem para criar uma incr\u00edvel cole\u00e7\u00e3o Toy Ar\"}]},{\"@type\":\"WebSite\",\"@id\":\"https:\\\/\\\/www.emoji.com\\\/de\\\/#website\",\"url\":\"https:\\\/\\\/www.emoji.com\\\/de\\\/\",\"name\":\"emoji \u2013 The Iconic Brand\",\"description\":\"\",\"publisher\":{\"@id\":\"https:\\\/\\\/www.emoji.com\\\/de\\\/#organization\"},\"potentialAction\":[{\"@type\":\"SearchAction\",\"target\":{\"@type\":\"EntryPoint\",\"urlTemplate\":\"https:\\\/\\\/www.emoji.com\\\/de\\\/?s={search_term_string}\"},\"query-input\":{\"@type\":\"PropertyValueSpecification\",\"valueRequired\":true,\"valueName\":\"search_term_string\"}}],\"inLanguage\":\"de\"},{\"@type\":\"Organization\",\"@id\":\"https:\\\/\\\/www.emoji.com\\\/de\\\/#organization\",\"name\":\"emoji company GmbH\",\"url\":\"https:\\\/\\\/www.emoji.com\\\/de\\\/\",\"logo\":{\"@type\":\"ImageObject\",\"inLanguage\":\"de\",\"@id\":\"https:\\\/\\\/www.emoji.com\\\/de\\\/#\\\/schema\\\/logo\\\/image\\\/\",\"url\":\"https:\\\/\\\/www.emoji.com\\\/wp-content\\\/uploads\\\/2022\\\/10\\\/emoji-face-logo-glossy.png\",\"contentUrl\":\"https:\\\/\\\/www.emoji.com\\\/wp-content\\\/uploads\\\/2022\\\/10\\\/emoji-face-logo-glossy.png\",\"width\":300,\"height\":294,\"caption\":\"emoji company GmbH\"},\"image\":{\"@id\":\"https:\\\/\\\/www.emoji.com\\\/de\\\/#\\\/schema\\\/logo\\\/image\\\/\"}},{\"@type\":\"Person\",\"@id\":\"https:\\\/\\\/www.emoji.com\\\/de\\\/#\\\/schema\\\/person\\\/b2afebc065fb495cf358e934e16a3c23\",\"name\":\"Marcus\",\"image\":{\"@type\":\"ImageObject\",\"inLanguage\":\"de\",\"@id\":\"https:\\\/\\\/secure.gravatar.com\\\/avatar\\\/a5fafd803b2f2dfadd75e7504c33b6ea70baec11b768a4372b7312f3f12d4c68?s=96&d=mm&r=g\",\"url\":\"https:\\\/\\\/secure.gravatar.com\\\/avatar\\\/a5fafd803b2f2dfadd75e7504c33b6ea70baec11b768a4372b7312f3f12d4c68?s=96&d=mm&r=g\",\"contentUrl\":\"https:\\\/\\\/secure.gravatar.com\\\/avatar\\\/a5fafd803b2f2dfadd75e7504c33b6ea70baec11b768a4372b7312f3f12d4c68?s=96&d=mm&r=g\",\"caption\":\"Marcus\"},\"sameAs\":[\"https:\\\/\\\/www.emoji.com\"],\"url\":\"https:\\\/\\\/www.emoji.com\\\/de\\\/author\\\/marcus\\\/\"}]}<\/script>\n<!-- \/ Yoast SEO Premium plugin. -->","yoast_head_json":{"title":"PB Arts e emoji\u00ae \u2013 The Iconic Brand se unem para criar uma incr\u00edvel cole\u00e7\u00e3o Toy Ar - emoji\u00ae \u2013 The Iconic Brand","robots":{"index":"index","follow":"follow","max-snippet":"max-snippet:-1","max-image-preview":"max-image-preview:large","max-video-preview":"max-video-preview:-1"},"canonical":"https:\/\/www.emoji.com\/de\/pb-arts-e-emoji-the-iconic-brand-se-unem-para-criar-uma-incrivel-colecao-toy-ar\/","og_locale":"de_DE","og_type":"article","og_title":"PB Arts e emoji\u00ae \u2013 The Iconic Brand se unem para criar uma incr\u00edvel cole\u00e7\u00e3o Toy Ar","og_description":"Duas grandes marcas se uniram para uma colabora\u00e7\u00e3o art\u00edstica: PB Arts e emoji\u00ae-The Iconic Brand, ambas empresas t\u00eam muitas caracter\u00edsticas em comum, inova\u00e7\u00e3o, cores, design, comunica\u00e7\u00e3o e vis\u00e3o de futuro. Read more:","og_url":"https:\/\/www.emoji.com\/de\/pb-arts-e-emoji-the-iconic-brand-se-unem-para-criar-uma-incrivel-colecao-toy-ar\/","og_site_name":"emoji\u00ae \u2013 The Iconic Brand","article_published_time":"2023-03-23T08:28:02+00:00","article_modified_time":"2023-03-30T07:29:42+00:00","og_image":[{"width":1352,"height":1346,"url":"https:\/\/www.emoji.com\/wp-content\/uploads\/2023\/03\/image002.jpg","type":"image\/jpeg"}],"author":"Marcus","twitter_card":"summary_large_image","twitter_misc":{"Verfasst von":"Marcus","Gesch\u00e4tzte Lesezeit":"1\u00a0Minute"},"schema":{"@context":"https:\/\/schema.org","@graph":[{"@type":"Article","@id":"https:\/\/www.emoji.com\/de\/pb-arts-e-emoji-the-iconic-brand-se-unem-para-criar-uma-incrivel-colecao-toy-ar\/#article","isPartOf":{"@id":"https:\/\/www.emoji.com\/de\/pb-arts-e-emoji-the-iconic-brand-se-unem-para-criar-uma-incrivel-colecao-toy-ar\/"},"author":{"name":"Marcus","@id":"https:\/\/www.emoji.com\/de\/#\/schema\/person\/b2afebc065fb495cf358e934e16a3c23"},"headline":"PB Arts e emoji\u00ae \u2013 The Iconic Brand se unem para criar uma incr\u00edvel cole\u00e7\u00e3o Toy Ar","datePublished":"2023-03-23T08:28:02+00:00","dateModified":"2023-03-30T07:29:42+00:00","mainEntityOfPage":{"@id":"https:\/\/www.emoji.com\/de\/pb-arts-e-emoji-the-iconic-brand-se-unem-para-criar-uma-incrivel-colecao-toy-ar\/"},"wordCount":58,"publisher":{"@id":"https:\/\/www.emoji.com\/de\/#organization"},"image":{"@id":"https:\/\/www.emoji.com\/de\/pb-arts-e-emoji-the-iconic-brand-se-unem-para-criar-uma-incrivel-colecao-toy-ar\/#primaryimage"},"thumbnailUrl":"https:\/\/www.emoji.com\/wp-content\/uploads\/2023\/03\/image002.jpg","keywords":["B2B"],"articleSection":["2023"],"inLanguage":"de"},{"@type":"WebPage","@id":"https:\/\/www.emoji.com\/de\/pb-arts-e-emoji-the-iconic-brand-se-unem-para-criar-uma-incrivel-colecao-toy-ar\/","url":"https:\/\/www.emoji.com\/de\/pb-arts-e-emoji-the-iconic-brand-se-unem-para-criar-uma-incrivel-colecao-toy-ar\/","name":"PB Arts e emoji\u00ae \u2013 The Iconic Brand se unem para criar uma incr\u00edvel cole\u00e7\u00e3o Toy Ar - emoji\u00ae \u2013 The Iconic Brand","isPartOf":{"@id":"https:\/\/www.emoji.com\/de\/#website"},"primaryImageOfPage":{"@id":"https:\/\/www.emoji.com\/de\/pb-arts-e-emoji-the-iconic-brand-se-unem-para-criar-uma-incrivel-colecao-toy-ar\/#primaryimage"},"image":{"@id":"https:\/\/www.emoji.com\/de\/pb-arts-e-emoji-the-iconic-brand-se-unem-para-criar-uma-incrivel-colecao-toy-ar\/#primaryimage"},"thumbnailUrl":"https:\/\/www.emoji.com\/wp-content\/uploads\/2023\/03\/image002.jpg","datePublished":"2023-03-23T08:28:02+00:00","dateModified":"2023-03-30T07:29:42+00:00","breadcrumb":{"@id":"https:\/\/www.emoji.com\/de\/pb-arts-e-emoji-the-iconic-brand-se-unem-para-criar-uma-incrivel-colecao-toy-ar\/#breadcrumb"},"inLanguage":"de","potentialAction":[{"@type":"ReadAction","target":["https:\/\/www.emoji.com\/de\/pb-arts-e-emoji-the-iconic-brand-se-unem-para-criar-uma-incrivel-colecao-toy-ar\/"]}]},{"@type":"ImageObject","inLanguage":"de","@id":"https:\/\/www.emoji.com\/de\/pb-arts-e-emoji-the-iconic-brand-se-unem-para-criar-uma-incrivel-colecao-toy-ar\/#primaryimage","url":"https:\/\/www.emoji.com\/wp-content\/uploads\/2023\/03\/image002.jpg","contentUrl":"https:\/\/www.emoji.com\/wp-content\/uploads\/2023\/03\/image002.jpg","width":1352,"height":1346},{"@type":"BreadcrumbList","@id":"https:\/\/www.emoji.com\/de\/pb-arts-e-emoji-the-iconic-brand-se-unem-para-criar-uma-incrivel-colecao-toy-ar\/#breadcrumb","itemListElement":[{"@type":"ListItem","position":1,"name":"Startseite","item":"https:\/\/www.emoji.com\/de\/home\/"},{"@type":"ListItem","position":2,"name":"PB Arts e emoji\u00ae \u2013 The Iconic Brand se unem para criar uma incr\u00edvel cole\u00e7\u00e3o Toy Ar"}]},{"@type":"WebSite","@id":"https:\/\/www.emoji.com\/de\/#website","url":"https:\/\/www.emoji.com\/de\/","name":"emoji \u2013 The Iconic Brand","description":"","publisher":{"@id":"https:\/\/www.emoji.com\/de\/#organization"},"potentialAction":[{"@type":"SearchAction","target":{"@type":"EntryPoint","urlTemplate":"https:\/\/www.emoji.com\/de\/?s={search_term_string}"},"query-input":{"@type":"PropertyValueSpecification","valueRequired":true,"valueName":"search_term_string"}}],"inLanguage":"de"},{"@type":"Organization","@id":"https:\/\/www.emoji.com\/de\/#organization","name":"emoji company GmbH","url":"https:\/\/www.emoji.com\/de\/","logo":{"@type":"ImageObject","inLanguage":"de","@id":"https:\/\/www.emoji.com\/de\/#\/schema\/logo\/image\/","url":"https:\/\/www.emoji.com\/wp-content\/uploads\/2022\/10\/emoji-face-logo-glossy.png","contentUrl":"https:\/\/www.emoji.com\/wp-content\/uploads\/2022\/10\/emoji-face-logo-glossy.png","width":300,"height":294,"caption":"emoji company GmbH"},"image":{"@id":"https:\/\/www.emoji.com\/de\/#\/schema\/logo\/image\/"}},{"@type":"Person","@id":"https:\/\/www.emoji.com\/de\/#\/schema\/person\/b2afebc065fb495cf358e934e16a3c23","name":"Marcus","image":{"@type":"ImageObject","inLanguage":"de","@id":"https:\/\/secure.gravatar.com\/avatar\/a5fafd803b2f2dfadd75e7504c33b6ea70baec11b768a4372b7312f3f12d4c68?s=96&d=mm&r=g","url":"https:\/\/secure.gravatar.com\/avatar\/a5fafd803b2f2dfadd75e7504c33b6ea70baec11b768a4372b7312f3f12d4c68?s=96&d=mm&r=g","contentUrl":"https:\/\/secure.gravatar.com\/avatar\/a5fafd803b2f2dfadd75e7504c33b6ea70baec11b768a4372b7312f3f12d4c68?s=96&d=mm&r=g","caption":"Marcus"},"sameAs":["https:\/\/www.emoji.com"],"url":"https:\/\/www.emoji.com\/de\/author\/marcus\/"}]}},"_links":{"self":[{"href":"https:\/\/www.emoji.com\/de\/wp-json\/wp\/v2\/posts\/81194","targetHints":{"allow":["GET"]}}],"collection":[{"href":"https:\/\/www.emoji.com\/de\/wp-json\/wp\/v2\/posts"}],"about":[{"href":"https:\/\/www.emoji.com\/de\/wp-json\/wp\/v2\/types\/post"}],"author":[{"embeddable":true,"href":"https:\/\/www.emoji.com\/de\/wp-json\/wp\/v2\/users\/1"}],"replies":[{"embeddable":true,"href":"https:\/\/www.emoji.com\/de\/wp-json\/wp\/v2\/comments?post=81194"}],"version-history":[{"count":1,"href":"https:\/\/www.emoji.com\/de\/wp-json\/wp\/v2\/posts\/81194\/revisions"}],"predecessor-version":[{"id":81202,"href":"https:\/\/www.emoji.com\/de\/wp-json\/wp\/v2\/posts\/81194\/revisions\/81202"}],"wp:featuredmedia":[{"embeddable":true,"href":"https:\/\/www.emoji.com\/de\/wp-json\/wp\/v2\/media\/81195"}],"wp:attachment":[{"href":"https:\/\/www.emoji.com\/de\/wp-json\/wp\/v2\/media?parent=81194"}],"wp:term":[{"taxonomy":"category","embeddable":true,"href":"https:\/\/www.emoji.com\/de\/wp-json\/wp\/v2\/categories?post=81194"},{"taxonomy":"post_tag","embeddable":true,"href":"https:\/\/www.emoji.com\/de\/wp-json\/wp\/v2\/tags?post=81194"}],"curies":[{"name":"wp","href":"https:\/\/api.w.org\/{rel}","templated":true}]}}